{"id":1104,"date":"2020-07-01T12:39:16","date_gmt":"2020-07-01T12:39:16","guid":{"rendered":"http:\/\/zubac.hr\/?p=1104"},"modified":"2020-07-01T12:39:54","modified_gmt":"2020-07-01T12:39:54","slug":"rudolf-pavlovic-1944-2020","status":"publish","type":"post","link":"https:\/\/zubac.hr\/index.php\/2020\/07\/01\/rudolf-pavlovic-1944-2020\/","title":{"rendered":"RUDOLF PAVLOVI\u0106 1944 \u2013 2020"},"content":{"rendered":"<hr \/>\n<p style=\"text-align: center;\">Tu\u017enog srca javljamo rodbini, prijateljima i znancima da je dana 26.06.2020. u 77-oj godini \u017eivota preminuo na\u0161 voljeni<\/p>\n<p style=\"text-align: center;\"><img decoding=\"async\" class=\"alignnone size-full wp-image-1105\" src=\"https:\/\/zubac.hr\/wp-content\/uploads\/2020\/07\/rudolf-pavlovi\u0107-slika.jpg\" alt=\"\" width=\"150\" height=\"196\" \/><\/p>\n<h1 style=\"text-align: center;\"><strong>RUDOLF PAVLOVI\u0106<\/strong><\/h1>\n<p style=\"text-align: center;\"><strong>pok. Tome<\/strong><br \/>\n<strong>1944. \u2013 2020.<\/strong><\/p>\n<p style=\"text-align: center;\">Posljednji ispra\u0107aj dragog nam pokojnika obavit \u0107e se dana 03.07.2020. u 18,00 sati na gradskom groblju Lani\u0161tina u Plo\u010dama.<\/p>\n<p style=\"text-align: center;\">Izraze su\u0107uti obitelj \u0107e primati od 17,30 sati.<\/p>\n<p style=\"text-align: center;\">Sveta misa zadu\u0161nica slu\u017eit \u0107e se nakon sahrane u crkvi u Stablini.<\/p>\n<p style=\"text-align: center;\">O\u017dALO\u0160\u0106ENI: K\u0107er RU\u017dICA, zet Sa\u0161a, unuka NINA, unuk TOM, obitelj pok. bra\u0107e JURE, VINKA i VLADE, obitelj pok. sestre STANE PERI\u0106, te ostala rodbina i prijatelji.<\/p>\n<p style=\"text-align: center;\">Molimo biti opro\u0161teni rukovanja pri izrazu su\u0107uti.<\/p>\n<p style=\"text-align: center;\">PO\u010cIVAO U MIRU BO\u017dJEM!<\/p>\n<p style=\"text-align: center;\"><div class=\"thanks_button_div\" \n                  style=\"float: left; margin-right: 10px;\"><div id=\"thanksButtonDiv_1104_1\" style=\"background-image:url(https:\/\/zubac.hr\/wp-content\/uploads\/2020\/05\/svjeca.jpg); background-repeat:no-repeat; float: left; display: inline;\"\n                onmouseover=\"javascript:thankYouChangeButtonImage('thanksButtonDiv_1104_1', true);\" \n                onmouseout=\"javascript:thankYouChangeButtonImage('thanksButtonDiv_1104_1', false);\"\n                onclick=\"javascript:thankYouChangeButtonImage('thanksButtonDiv_1104_1', false);\" >\n                <input type=\"button\" onclick=\"thankYouButtonClick(1104, 'You left &ldquo;Thanks&rdquo; already for this post')\" value=\"Upaljeno svije\u0107a | 59\"\n                  class=\"thanks_button thanks_custom \"\n                  style=\"width:300px; height:60px; font-family: Verdana, Arial, Sans-Serif; font-size: 14px; font-weight: normal;; color:#000;\"\n                  id=\"thanksButton_1104_1\" title=\"Click to leave &ldquo;Thanks&rdquo; for this post\"\/>\n             <\/div><div id=\"ajax_loader_1104_1\" style=\"display:inline;visibility: hidden;\"><img decoding=\"async\" alt=\"ajax loader\" src=\"https:\/\/zubac.hr\/wp-content\/plugins\/thanks-you-counter-button\/images\/ajax-loader.gif\" \/><\/div><\/div><\/p>\n<hr \/>\n<p style=\"text-align: center;\">\n","protected":false},"excerpt":{"rendered":"<p>Tu\u017enog srca javljamo rodbini, prijateljima i znancima da je dana 26.06.2020. u 77-oj godini \u017eivota preminuo na\u0161 voljeni RUDOLF PAVLOVI\u0106 pok. Tome 1944. \u2013 2020. Posljednji ispra\u0107aj dragog nam pokojnika obavit \u0107e se dana 03.07.2020. u 18,00 sati na gradskom groblju Lani\u0161tina u Plo\u010dama. Izraze su\u0107uti obitelj \u0107e primati od 17,30 sati. Sveta misa zadu\u0161nica&hellip;&nbsp;<a href=\"https:\/\/zubac.hr\/index.php\/2020\/07\/01\/rudolf-pavlovic-1944-2020\/\" rel=\"bookmark\">Read More &raquo;<span class=\"screen-reader-text\">RUDOLF PAVLOVI\u0106 1944 \u2013 2020<\/span><\/a><\/p>\n","protected":false},"author":1,"featured_media":0,"comment_status":"open","ping_status":"open","sticky":false,"template":"","format":"standard","meta":{"neve_meta_sidebar":"","neve_meta_container":"","neve_meta_enable_content_width":"off","neve_meta_content_width":0,"neve_meta_title_alignment":"","neve_meta_author_avatar":"","neve_post_elements_order":"","neve_meta_disable_header":"","neve_meta_disable_footer":"","neve_meta_disable_title":"","footnotes":""},"categories":[4],"tags":[],"class_list":["post-1104","post","type-post","status-publish","format-standard","hentry","category-osmrtnice"],"yoast_head":"<!-- This site is optimized with the Yoast SEO plugin v27.4 - https:\/\/yoast.com\/product\/yoast-seo-wordpress\/ -->\n<title>RUDOLF PAVLOVI\u0106 1944 \u2013 2020 - ZUBAC D.O.O<\/title>\n<meta name=\"robots\" content=\"index, follow, max-snippet:-1, max-image-preview:large, max-video-preview:-1\" \/>\n<link rel=\"canonical\" href=\"https:\/\/zubac.hr\/index.php\/2020\/07\/01\/rudolf-pavlovic-1944-2020\/\" \/>\n<meta property=\"og:locale\" content=\"hr_HR\" \/>\n<meta property=\"og:type\" content=\"article\" \/>\n<meta property=\"og:title\" content=\"RUDOLF PAVLOVI\u0106 1944 \u2013 2020 - ZUBAC D.O.O\" \/>\n<meta property=\"og:description\" content=\"Tu\u017enog srca javljamo rodbini, prijateljima i znancima da je dana 26.06.2020. u 77-oj godini \u017eivota preminuo na\u0161 voljeni RUDOLF PAVLOVI\u0106 pok. Tome 1944. \u2013 2020. Posljednji ispra\u0107aj dragog nam pokojnika obavit \u0107e se dana 03.07.2020. u 18,00 sati na gradskom groblju Lani\u0161tina u Plo\u010dama. Izraze su\u0107uti obitelj \u0107e primati od 17,30 sati. Sveta misa zadu\u0161nica&hellip;&nbsp;Read More &raquo;RUDOLF PAVLOVI\u0106 1944 \u2013 2020\" \/>\n<meta property=\"og:url\" content=\"https:\/\/zubac.hr\/index.php\/2020\/07\/01\/rudolf-pavlovic-1944-2020\/\" \/>\n<meta property=\"og:site_name\" content=\"ZUBAC D.O.O\" \/>\n<meta property=\"article:publisher\" content=\"https:\/\/www.facebook.com\/Cvje%c4%87arnica-Zubac-doo-Plo%c4%8de-676313182799456\/\" \/>\n<meta property=\"article:published_time\" content=\"2020-07-01T12:39:16+00:00\" \/>\n<meta property=\"article:modified_time\" content=\"2020-07-01T12:39:54+00:00\" \/>\n<meta property=\"og:image\" content=\"https:\/\/zubac.hr\/wp-content\/uploads\/2020\/07\/rudolf-pavlovi\u0107-slika.jpg\" \/>\n<meta name=\"author\" content=\"admin\" \/>\n<meta name=\"twitter:card\" content=\"summary_large_image\" \/>\n<meta name=\"twitter:label1\" content=\"Napisao\/la\" \/>\n\t<meta name=\"twitter:data1\" content=\"admin\" \/>\n\t<meta name=\"twitter:label2\" content=\"Procijenjeno vrijeme \u010ditanja\" \/>\n\t<meta name=\"twitter:data2\" content=\"1 minuta\" \/>\n<script type=\"application\/ld+json\" class=\"yoast-schema-graph\">{\"@context\":\"https:\\\/\\\/schema.org\",\"@graph\":[{\"@type\":\"Article\",\"@id\":\"https:\\\/\\\/zubac.hr\\\/index.php\\\/2020\\\/07\\\/01\\\/rudolf-pavlovic-1944-2020\\\/#article\",\"isPartOf\":{\"@id\":\"https:\\\/\\\/zubac.hr\\\/index.php\\\/2020\\\/07\\\/01\\\/rudolf-pavlovic-1944-2020\\\/\"},\"author\":{\"name\":\"admin\",\"@id\":\"https:\\\/\\\/zubac.hr\\\/#\\\/schema\\\/person\\\/7edc464727de47594321771e7e20e975\"},\"headline\":\"RUDOLF PAVLOVI\u0106 1944 \u2013 2020\",\"datePublished\":\"2020-07-01T12:39:16+00:00\",\"dateModified\":\"2020-07-01T12:39:54+00:00\",\"mainEntityOfPage\":{\"@id\":\"https:\\\/\\\/zubac.hr\\\/index.php\\\/2020\\\/07\\\/01\\\/rudolf-pavlovic-1944-2020\\\/\"},\"wordCount\":114,\"commentCount\":0,\"articleSection\":[\"Osmrtnice\"],\"inLanguage\":\"hr\",\"potentialAction\":[{\"@type\":\"CommentAction\",\"name\":\"Comment\",\"target\":[\"https:\\\/\\\/zubac.hr\\\/index.php\\\/2020\\\/07\\\/01\\\/rudolf-pavlovic-1944-2020\\\/#respond\"]}]},{\"@type\":\"WebPage\",\"@id\":\"https:\\\/\\\/zubac.hr\\\/index.php\\\/2020\\\/07\\\/01\\\/rudolf-pavlovic-1944-2020\\\/\",\"url\":\"https:\\\/\\\/zubac.hr\\\/index.php\\\/2020\\\/07\\\/01\\\/rudolf-pavlovic-1944-2020\\\/\",\"name\":\"RUDOLF PAVLOVI\u0106 1944 \u2013 2020 - ZUBAC D.O.O\",\"isPartOf\":{\"@id\":\"https:\\\/\\\/zubac.hr\\\/#website\"},\"datePublished\":\"2020-07-01T12:39:16+00:00\",\"dateModified\":\"2020-07-01T12:39:54+00:00\",\"author\":{\"@id\":\"https:\\\/\\\/zubac.hr\\\/#\\\/schema\\\/person\\\/7edc464727de47594321771e7e20e975\"},\"breadcrumb\":{\"@id\":\"https:\\\/\\\/zubac.hr\\\/index.php\\\/2020\\\/07\\\/01\\\/rudolf-pavlovic-1944-2020\\\/#breadcrumb\"},\"inLanguage\":\"hr\",\"potentialAction\":[{\"@type\":\"ReadAction\",\"target\":[\"https:\\\/\\\/zubac.hr\\\/index.php\\\/2020\\\/07\\\/01\\\/rudolf-pavlovic-1944-2020\\\/\"]}]},{\"@type\":\"BreadcrumbList\",\"@id\":\"https:\\\/\\\/zubac.hr\\\/index.php\\\/2020\\\/07\\\/01\\\/rudolf-pavlovic-1944-2020\\\/#breadcrumb\",\"itemListElement\":[{\"@type\":\"ListItem\",\"position\":1,\"name\":\"Po\u010detna stranica\",\"item\":\"https:\\\/\\\/zubac.hr\\\/\"},{\"@type\":\"ListItem\",\"position\":2,\"name\":\"RUDOLF PAVLOVI\u0106 1944 \u2013 2020\"}]},{\"@type\":\"WebSite\",\"@id\":\"https:\\\/\\\/zubac.hr\\\/#website\",\"url\":\"https:\\\/\\\/zubac.hr\\\/\",\"name\":\"ZUBAC D.O.O\",\"description\":\"POGREBNO PODUZE\u0106E\",\"potentialAction\":[{\"@type\":\"SearchAction\",\"target\":{\"@type\":\"EntryPoint\",\"urlTemplate\":\"https:\\\/\\\/zubac.hr\\\/?s={search_term_string}\"},\"query-input\":{\"@type\":\"PropertyValueSpecification\",\"valueRequired\":true,\"valueName\":\"search_term_string\"}}],\"inLanguage\":\"hr\"},{\"@type\":\"Person\",\"@id\":\"https:\\\/\\\/zubac.hr\\\/#\\\/schema\\\/person\\\/7edc464727de47594321771e7e20e975\",\"name\":\"admin\",\"image\":{\"@type\":\"ImageObject\",\"inLanguage\":\"hr\",\"@id\":\"https:\\\/\\\/secure.gravatar.com\\\/avatar\\\/d668a308d26ffc351a67afea59181a4a90e213d2e577fbd1748d3a65f7354351?s=96&d=mm&r=g\",\"url\":\"https:\\\/\\\/secure.gravatar.com\\\/avatar\\\/d668a308d26ffc351a67afea59181a4a90e213d2e577fbd1748d3a65f7354351?s=96&d=mm&r=g\",\"contentUrl\":\"https:\\\/\\\/secure.gravatar.com\\\/avatar\\\/d668a308d26ffc351a67afea59181a4a90e213d2e577fbd1748d3a65f7354351?s=96&d=mm&r=g\",\"caption\":\"admin\"},\"sameAs\":[\"https:\\\/\\\/zubac.hr\"],\"url\":\"https:\\\/\\\/zubac.hr\\\/index.php\\\/author\\\/mate7\\\/\"}]}<\/script>\n<!-- \/ Yoast SEO plugin. -->","yoast_head_json":{"title":"RUDOLF PAVLOVI\u0106 1944 \u2013 2020 - ZUBAC D.O.O","robots":{"index":"index","follow":"follow","max-snippet":"max-snippet:-1","max-image-preview":"max-image-preview:large","max-video-preview":"max-video-preview:-1"},"canonical":"https:\/\/zubac.hr\/index.php\/2020\/07\/01\/rudolf-pavlovic-1944-2020\/","og_locale":"hr_HR","og_type":"article","og_title":"RUDOLF PAVLOVI\u0106 1944 \u2013 2020 - ZUBAC D.O.O","og_description":"Tu\u017enog srca javljamo rodbini, prijateljima i znancima da je dana 26.06.2020. u 77-oj godini \u017eivota preminuo na\u0161 voljeni RUDOLF PAVLOVI\u0106 pok. Tome 1944. \u2013 2020. Posljednji ispra\u0107aj dragog nam pokojnika obavit \u0107e se dana 03.07.2020. u 18,00 sati na gradskom groblju Lani\u0161tina u Plo\u010dama. Izraze su\u0107uti obitelj \u0107e primati od 17,30 sati. Sveta misa zadu\u0161nica&hellip;&nbsp;Read More &raquo;RUDOLF PAVLOVI\u0106 1944 \u2013 2020","og_url":"https:\/\/zubac.hr\/index.php\/2020\/07\/01\/rudolf-pavlovic-1944-2020\/","og_site_name":"ZUBAC D.O.O","article_publisher":"https:\/\/www.facebook.com\/Cvje%c4%87arnica-Zubac-doo-Plo%c4%8de-676313182799456\/","article_published_time":"2020-07-01T12:39:16+00:00","article_modified_time":"2020-07-01T12:39:54+00:00","og_image":[{"url":"https:\/\/zubac.hr\/wp-content\/uploads\/2020\/07\/rudolf-pavlovi\u0107-slika.jpg","type":"","width":"","height":""}],"author":"admin","twitter_card":"summary_large_image","twitter_misc":{"Napisao\/la":"admin","Procijenjeno vrijeme \u010ditanja":"1 minuta"},"schema":{"@context":"https:\/\/schema.org","@graph":[{"@type":"Article","@id":"https:\/\/zubac.hr\/index.php\/2020\/07\/01\/rudolf-pavlovic-1944-2020\/#article","isPartOf":{"@id":"https:\/\/zubac.hr\/index.php\/2020\/07\/01\/rudolf-pavlovic-1944-2020\/"},"author":{"name":"admin","@id":"https:\/\/zubac.hr\/#\/schema\/person\/7edc464727de47594321771e7e20e975"},"headline":"RUDOLF PAVLOVI\u0106 1944 \u2013 2020","datePublished":"2020-07-01T12:39:16+00:00","dateModified":"2020-07-01T12:39:54+00:00","mainEntityOfPage":{"@id":"https:\/\/zubac.hr\/index.php\/2020\/07\/01\/rudolf-pavlovic-1944-2020\/"},"wordCount":114,"commentCount":0,"articleSection":["Osmrtnice"],"inLanguage":"hr","potentialAction":[{"@type":"CommentAction","name":"Comment","target":["https:\/\/zubac.hr\/index.php\/2020\/07\/01\/rudolf-pavlovic-1944-2020\/#respond"]}]},{"@type":"WebPage","@id":"https:\/\/zubac.hr\/index.php\/2020\/07\/01\/rudolf-pavlovic-1944-2020\/","url":"https:\/\/zubac.hr\/index.php\/2020\/07\/01\/rudolf-pavlovic-1944-2020\/","name":"RUDOLF PAVLOVI\u0106 1944 \u2013 2020 - ZUBAC D.O.O","isPartOf":{"@id":"https:\/\/zubac.hr\/#website"},"datePublished":"2020-07-01T12:39:16+00:00","dateModified":"2020-07-01T12:39:54+00:00","author":{"@id":"https:\/\/zubac.hr\/#\/schema\/person\/7edc464727de47594321771e7e20e975"},"breadcrumb":{"@id":"https:\/\/zubac.hr\/index.php\/2020\/07\/01\/rudolf-pavlovic-1944-2020\/#breadcrumb"},"inLanguage":"hr","potentialAction":[{"@type":"ReadAction","target":["https:\/\/zubac.hr\/index.php\/2020\/07\/01\/rudolf-pavlovic-1944-2020\/"]}]},{"@type":"BreadcrumbList","@id":"https:\/\/zubac.hr\/index.php\/2020\/07\/01\/rudolf-pavlovic-1944-2020\/#breadcrumb","itemListElement":[{"@type":"ListItem","position":1,"name":"Po\u010detna stranica","item":"https:\/\/zubac.hr\/"},{"@type":"ListItem","position":2,"name":"RUDOLF PAVLOVI\u0106 1944 \u2013 2020"}]},{"@type":"WebSite","@id":"https:\/\/zubac.hr\/#website","url":"https:\/\/zubac.hr\/","name":"ZUBAC D.O.O","description":"POGREBNO PODUZE\u0106E","potentialAction":[{"@type":"SearchAction","target":{"@type":"EntryPoint","urlTemplate":"https:\/\/zubac.hr\/?s={search_term_string}"},"query-input":{"@type":"PropertyValueSpecification","valueRequired":true,"valueName":"search_term_string"}}],"inLanguage":"hr"},{"@type":"Person","@id":"https:\/\/zubac.hr\/#\/schema\/person\/7edc464727de47594321771e7e20e975","name":"admin","image":{"@type":"ImageObject","inLanguage":"hr","@id":"https:\/\/secure.gravatar.com\/avatar\/d668a308d26ffc351a67afea59181a4a90e213d2e577fbd1748d3a65f7354351?s=96&d=mm&r=g","url":"https:\/\/secure.gravatar.com\/avatar\/d668a308d26ffc351a67afea59181a4a90e213d2e577fbd1748d3a65f7354351?s=96&d=mm&r=g","contentUrl":"https:\/\/secure.gravatar.com\/avatar\/d668a308d26ffc351a67afea59181a4a90e213d2e577fbd1748d3a65f7354351?s=96&d=mm&r=g","caption":"admin"},"sameAs":["https:\/\/zubac.hr"],"url":"https:\/\/zubac.hr\/index.php\/author\/mate7\/"}]}},"_links":{"self":[{"href":"https:\/\/zubac.hr\/index.php\/wp-json\/wp\/v2\/posts\/1104","targetHints":{"allow":["GET"]}}],"collection":[{"href":"https:\/\/zubac.hr\/index.php\/wp-json\/wp\/v2\/posts"}],"about":[{"href":"https:\/\/zubac.hr\/index.php\/wp-json\/wp\/v2\/types\/post"}],"author":[{"embeddable":true,"href":"https:\/\/zubac.hr\/index.php\/wp-json\/wp\/v2\/users\/1"}],"replies":[{"embeddable":true,"href":"https:\/\/zubac.hr\/index.php\/wp-json\/wp\/v2\/comments?post=1104"}],"version-history":[{"count":2,"href":"https:\/\/zubac.hr\/index.php\/wp-json\/wp\/v2\/posts\/1104\/revisions"}],"predecessor-version":[{"id":1107,"href":"https:\/\/zubac.hr\/index.php\/wp-json\/wp\/v2\/posts\/1104\/revisions\/1107"}],"wp:attachment":[{"href":"https:\/\/zubac.hr\/index.php\/wp-json\/wp\/v2\/media?parent=1104"}],"wp:term":[{"taxonomy":"category","embeddable":true,"href":"https:\/\/zubac.hr\/index.php\/wp-json\/wp\/v2\/categories?post=1104"},{"taxonomy":"post_tag","embeddable":true,"href":"https:\/\/zubac.hr\/index.php\/wp-json\/wp\/v2\/tags?post=1104"}],"curies":[{"name":"wp","href":"https:\/\/api.w.org\/{rel}","templated":true}]}}